{"id":7140,"date":"2022-06-02T16:44:42","date_gmt":"2022-06-02T16:44:42","guid":{"rendered":"https:\/\/virconlegal.com\/portekiz-kripto-haberleri-her-ret-bir-yeniden-yonlendirme-midir-yoksa-degil-midir\/"},"modified":"2025-11-17T09:12:18","modified_gmt":"2025-11-17T09:12:18","slug":"portekiz-kripto-haberleri-her-ret-bir-yeniden-yonlendirme-midir-yoksa-degil-midir","status":"publish","type":"post","link":"https:\/\/virconlegal.com\/tr\/portekiz-kripto-haberleri-her-ret-bir-yeniden-yonlendirme-midir-yoksa-degil-midir\/","title":{"rendered":"Portekiz Kripto Haberleri-Her ret bir yeniden y\u00f6nlendirme midir &#8211; Yoksa de\u011fil midir?"},"content":{"rendered":"\n<p>IPortekiz\u2019de kripto paralar\u0131n vergilendirilmesine ili\u015fkin mevcut \u00e7er\u00e7evede, yaln\u0131zca profesyonel hizmetlerin kar\u015f\u0131l\u0131\u011f\u0131 olarak \u00f6deme arac\u0131 \u015feklinde kullan\u0131lan kripto varl\u0131klar vergiye tabi tutuluyor.<sup>1<\/sup>Bunun d\u0131\u015f\u0131nda bireysel yat\u0131r\u0131mc\u0131lar i\u00e7in kripto kazan\u00e7lar\u0131na \u015fu an s\u0131f\u0131r vergi uygulan\u0131yor. Oysa \u00fclkede genel olarak finansal yat\u0131r\u0131m kaynakl\u0131 sermaye kazan\u00e7lar\u0131na y\u00fczde 28 oran\u0131nda vergi kesintisi yap\u0131l\u0131yor.<sup>2<\/sup><\/p>\n\n\n\n<figure class=\"wp-block-image size-large\"><img fetchpriority=\"high\" decoding=\"async\" width=\"1024\" height=\"576\" src=\"https:\/\/virconlegal.com\/wp-content\/uploads\/2022\/06\/1_VLB_BLOG__26_Portugal--1024x576.png\" alt=\"\" class=\"wp-image-2149\" srcset=\"https:\/\/virconlegal.com\/wp-content\/uploads\/2022\/06\/1_VLB_BLOG__26_Portugal--1024x576.png 1024w, https:\/\/virconlegal.com\/wp-content\/uploads\/2022\/06\/1_VLB_BLOG__26_Portugal--300x169.png 300w, https:\/\/virconlegal.com\/wp-content\/uploads\/2022\/06\/1_VLB_BLOG__26_Portugal--768x432.png 768w, https:\/\/virconlegal.com\/wp-content\/uploads\/2022\/06\/1_VLB_BLOG__26_Portugal--1536x864.png 1536w, https:\/\/virconlegal.com\/wp-content\/uploads\/2022\/06\/1_VLB_BLOG__26_Portugal-.png 1600w\" sizes=\"(max-width: 1024px) 100vw, 1024px\" \/><\/figure>\n\n\n\n<p>Takvimler 2022 y\u0131l\u0131n\u0131 g\u00f6sterdi\u011finde, Portekiz\u2019de kripto para tablosunun de\u011fi\u015fmeye ba\u015flad\u0131\u011f\u0131na dair i\u015faretler belirmeye ba\u015flad\u0131. Mart ay\u0131ndan May\u0131s sonuna kadar, Portekiz\u2019in kripto paralar\u0131 vergilendirmeyi planlad\u0131\u011f\u0131na dair s\u00f6ylentiler dola\u015fmaya ba\u015flad\u0131; hatta \u00fclke yetkilileri taraf\u0131ndan kripto varl\u0131klara y\u00f6nelik vergi odakl\u0131 politikalar\u0131n s\u0131zd\u0131r\u0131ld\u0131\u011f\u0131 iddia edildi.<sup>3&nbsp;<\/sup>Portekiz haber forumu ECO\u2019nun aktard\u0131\u011f\u0131na g\u00f6re, Maliye Bakan\u0131 Fernando Medina, kripto varl\u0131klar\u0131n yak\u0131n gelecekte sermaye kazanc\u0131 vergisine tabi tutulaca\u011f\u0131n\u0131 a\u00e7\u0131klad\u0131.<sup>4<\/sup> <\/p>\n\n\n\n<p>Bakan Medina daha \u00f6nceki a\u00e7\u0131klamalar\u0131nda kriptonun vergilendirilmesi i\u00e7in kesin bir zaman s\u0131n\u0131r\u0131 koymam\u0131\u015f; ancak vergi adaletini ve \u00fclkenin bir kripto merkezi olma stat\u00fcs\u00fcn\u00fc g\u00f6zeterek &#8220;m\u00fcmk\u00fcn olan en k\u0131sa s\u00fcrede&#8221; harekete ge\u00e7mek istediklerinin alt\u0131n\u0131 \u00e7izmi\u015fti<sup>.5<\/sup><\/p>\n\n\n\n<h3 class=\"wp-block-heading\" id=\"h-what-has-happened\">Ne oldu?<\/h3>\n\n\n\n<p>Portekiz Meclisi, yak\u0131n zamanda kripto paralara vergi getirilmesini \u00f6ng\u00f6ren iki yasa teklifini reddetti. <sup>6<\/sup>25 May\u0131s 2022 tarihinde yap\u0131lan b\u00fct\u00e7e g\u00f6r\u00fc\u015fmeleri s\u0131ras\u0131nda parlamentoda s\u00f6z konusu tekliflerin yasala\u015fmas\u0131na olumsuz oy verildi. Baz\u0131 milletvekilleri ise kripto paralara ili\u015fkin vergi d\u00fczenlemesinin bulunmamas\u0131n\u0131 ve konunun ele al\u0131n\u0131\u015f bi\u00e7imini ele\u015ftirdi.<sup>7<\/sup><\/p>\n\n\n\n<p>Reddedilen tasar\u0131lar\u0131n temelinde 5.000 Avronun \u00fczerindeki kripto kazan\u00e7lar\u0131n\u0131n vergilendirilmesi ve kripto i\u00e7in ayr\u0131 ayr\u0131 sermaye kazanc\u0131 vergisi uygulanmas\u0131 yer al\u0131yordu<sup>.8<\/sup>&nbsp;Reddin ard\u0131ndan Portekiz, k\u0131sa bir s\u00fcre i\u00e7in bile olsa kripto \u00fczerindeki s\u0131f\u0131r vergi politikas\u0131n\u0131 s\u00fcrd\u00fcr\u00fcyor.<\/p>\n\n\n\n<p>Parlamento tasar\u0131lar\u0131 reddetmi\u015f ve sermaye kazanc\u0131 vergisi uygulamas\u0131 da dahil olmak \u00fczere \u00f6nerilen vergi politikalar\u0131 \u015fu anda y\u00fcr\u00fcrl\u00fckte olmasa da, vergi avantajlar\u0131 a\u00e7\u0131s\u0131ndan Portekiz&#8217;de uzun vadeli kripto kararlar\u0131 veya yat\u0131r\u0131mlar\u0131 yapmay\u0131 d\u00fc\u015f\u00fcnenlerin planlar\u0131n\u0131 yeniden g\u00f6zden ge\u00e7irmelerinde fayda bulunuyor. Zira maliye ve vergi i\u015flerinden sorumlu ulusal bakan yard\u0131mc\u0131s\u0131 Antonio Mendo\u00e7a Mendes, ayn\u0131 parlamento oturumu s\u0131ras\u0131nda kripto paralar\u0131n sadece sermaye kazanc\u0131 vergisi uygulamaktan daha karma\u015f\u0131k oldu\u011funu ifade etmi\u015ftir<sup>.9<\/sup>&nbsp; Bu ifade, kripto paran\u0131n s\u00f6z konusu oldu\u011fu durumlarda katma de\u011fer vergisi ve damga vergisi uygulamalar\u0131n\u0131n habercisi olabilir<sup>.10<\/sup> <\/p>\n\n\n\n<h3 class=\"wp-block-heading\" id=\"h-what-s-next\"><strong>S\u0131rada ne var?<\/strong><\/h3>\n\n\n\n<p>Bakan Medina&#8217;n\u0131n kriptonun vergilendirilmesi i\u00e7in bir zaman s\u0131n\u0131r\u0131 koymad\u0131\u011f\u0131 d\u00fc\u015f\u00fcn\u00fcld\u00fc\u011f\u00fcnde, ancak \u00fclkenin maliye bakan\u0131n\u0131n kriptonun vergiden muaf olmas\u0131na kar\u015f\u0131 yakla\u015f\u0131m\u0131 net. Ba\u015fka bir deyi\u015fle, ge\u00e7en hafta reddedilen \u015fey Portekiz&#8217;de kriptonun vergilendirilmesi de\u011fil, vergilendirmenin nas\u0131l planland\u0131\u011f\u0131 oldu. &nbsp;<\/p>\n\n\n\n<p>H\u00fck\u00fcmetin ve Parlamentonun a\u00e7\u0131klamalar\u0131ndan ve genel duru\u015fundan, kriptonun Portekiz&#8217;de vergilendirilece\u011fi a\u00e7\u0131kt\u0131r. Ancak, kriptonun nas\u0131l ve hangi oranda vergilendirilece\u011fi daha derin bir d\u00fczeyde kesin de\u011fildir. <\/p>\n\n\n\n<p>Dolay\u0131s\u0131yla, bu yaz\u0131n\u0131n ba\u015fl\u0131\u011f\u0131na geri d\u00f6nersek, bu ret Portekiz&#8217;in kripto vergi stratejisi i\u00e7in bir y\u00f6nlendirme de\u011fil, ayn\u0131 y\u00f6nde bir gecikme gibi g\u00f6r\u00fcn\u00fcyor.<\/p>\n\n\n\n<hr class=\"wp-block-separator has-alpha-channel-opacity\">\n\n\n\n<p><a href=\"https:\/\/vircon.substack.com\/p\/portugal-crypto-newsevery-rejection?s=w#footnote-anchor-1\">1-<\/a> Euronews ve AFP: Portekiz maliye bakan\u0131, kripto para birimlerini vergilendirmeye ba\u015flamak i\u00e7in yasal bir bo\u015flu\u011fu kapataca\u011f\u0131n\u0131 s\u00f6yledi, 19 May\u0131s 2022, 1 Haziran 2022 tarihinde&nbsp;<a href=\"https:\/\/www.euronews.com\/next\/2022\/05\/19\/portugal-will-close-a-legal-loophole-to-start-taxing-cryptocurrencies-says-finance-ministe\">https:\/\/www.euronews.com\/next\/2022\/05\/19\/portugal-will-close-a-legal-loophole-to-start-taxing-cryptocurrencies-says-finance-ministe<\/a>&nbsp;adresinden eri\u015fildi.<\/p>\n\n\n\n<p><a href=\"https:\/\/vircon.substack.com\/p\/portugal-crypto-newsevery-rejection?s=w#footnote-anchor-2\">2<\/a>&#8211; Engler, Andres: Portuguese Congress Rejects Two Bills Seeking to Tax Crypto, May 26, 2022, accessed via&nbsp;<a href=\"https:\/\/www.coindesk.com\/policy\/2022\/05\/26\/portuguese-congress-rejects-two-bills-seeking-to-tax-crypto\/\">https:\/\/www.coindesk.com\/policy\/2022\/05\/26\/portuguese-congress-rejects-two-bills-seeking-to-tax-crypto\/<\/a>&nbsp;on May 31, 2022.<\/p>\n\n\n\n<p><a href=\"https:\/\/vircon.substack.com\/p\/portugal-crypto-newsevery-rejection?s=w#footnote-anchor-3\">3-<\/a> Knight, Oliver: Portugal Makes U-Turn on Cryptocurrency Tax, 16 May\u0131s 2022, 31 May\u0131s 2022 tarihinde&nbsp;<a href=\"https:\/\/www.coindesk.com\/policy\/2022\/05\/16\/portugal-makes-u-turn-on-cryptocurrency-tax\/\">https:\/\/www.coindesk.com\/policy\/2022\/05\/16\/portugal-makes-u-turn-on-cryptocurrency-tax\/<\/a>&nbsp;adresinden eri\u015fildi.<\/p>\n\n\n\n<p><a href=\"https:\/\/vircon.substack.com\/p\/portugal-crypto-newsevery-rejection?s=w#footnote-anchor-4\">4-<\/a> Lutz, Sander: Portugal&#8217;s Status as a Crypto Tax Haven Appears to Be Ending, 16 May\u0131s 2022, 1 Haziran 2022 tarihinde&nbsp;<a href=\"https:\/\/decrypt.co\/100549\/portugals-status-as-a-crypto-tax-haven-appears-to-be-ending\">https:\/\/decrypt.co\/100549\/portugals-status-as-a-crypto-tax-haven-appears-to-be-ending<\/a>&nbsp;adresinden eri\u015fildi.<\/p>\n\n\n\n<p><a href=\"https:\/\/vircon.substack.com\/p\/portugal-crypto-newsevery-rejection?s=w#footnote-anchor-5\">5-<\/a> Euronews ve AFP: Portekiz maliye bakan\u0131, kripto para birimlerini vergilendirmeye ba\u015flamak i\u00e7in yasal bir bo\u015flu\u011fu kapataca\u011f\u0131n\u0131 s\u00f6yledi, 19 May\u0131s 2022, 1 Haziran 2022 tarihinde&nbsp;<a href=\"https:\/\/www.euronews.com\/next\/2022\/05\/19\/portugal-will-close-a-legal-loophole-to-start-taxing-cryptocurrencies-says-finance-ministe\">https:\/\/www.euronews.com\/next\/2022\/05\/19\/portugal-will-close-a-legal-loophole-to-start-taxing-cryptocurrencies-says-finance-ministe<\/a>&nbsp;adresinden eri\u015fildi.<\/p>\n\n\n\n<p><a href=\"https:\/\/vircon.substack.com\/p\/portugal-crypto-newsevery-rejection?s=w#footnote-anchor-6\">6-<\/a> Engler, Andres: Portekiz Kongresi Kriptoyu Vergilendirmek \u0130steyen \u0130ki Faturay\u0131 Reddetti, 26 May\u0131s 2022, 31 May\u0131s 2022 tarihinde&nbsp;<a href=\"https:\/\/www.coindesk.com\/policy\/2022\/05\/26\/portuguese-congress-rejects-two-bills-seeking-to-tax-crypto\/\">https:\/\/www.coindesk.com\/policy\/2022\/05\/26\/portuguese-congress-rejects-two-bills-seeking-to-tax-crypto\/<\/a>&nbsp;adresinden eri\u015fildi; Moura, Catarina: Portekiz Parlamentosu b\u00fct\u00e7e g\u00f6r\u00fc\u015fmelerinin ortas\u0131nda kripto vergi tekliflerini reddetti, 25 May\u0131s 2022, 1 Haziran 2022 tarihinde&nbsp;<a href=\"https:\/\/www.theblockcrypto.com\/linked\/148806\/portugals-parliament-rejects-crypto-tax-proposals-amidst-budget-negotiations\">https:\/\/www.theblockcrypto.com\/linked\/148806\/portugals-parliament-rejects-crypto-tax-proposals-amidst-budget-negotiations<\/a>&nbsp;adresinden eri\u015fildi.<\/p>\n\n\n\n<p><a href=\"https:\/\/vircon.substack.com\/p\/portugal-crypto-newsevery-rejection?s=w#footnote-anchor-7\">7<\/a>&#8211; Engler, Andres: Portuguese Congress Rejects Two Bills Seeking to Tax Crypto, May 26, 2022, accessed via&nbsp;<a href=\"https:\/\/www.coindesk.com\/policy\/2022\/05\/26\/portuguese-congress-rejects-two-bills-seeking-to-tax-crypto\/\">https:\/\/www.coindesk.com\/policy\/2022\/05\/26\/portuguese-congress-rejects-two-bills-seeking-to-tax-crypto\/<\/a>&nbsp;on May 31, 2022.<\/p>\n\n\n\n<p><a href=\"https:\/\/vircon.substack.com\/p\/portugal-crypto-newsevery-rejection?s=w#footnote-anchor-8\">8-<\/a> Moura, Catarina: Portugal&#8217;s Parliament rejects crypto tax proposals amidst budget negotiations, 25 May\u0131s 2022, 1 Haziran 2022 tarihinde&nbsp;<a href=\"https:\/\/www.theblockcrypto.com\/linked\/148806\/portugals-parliament-rejects-crypto-tax-proposals-amidst-budget-negotiations\">https:\/\/www.theblockcrypto.com\/linked\/148806\/portugals-parliament-rejects-crypto-tax-proposals-amidst-budget-negotiations<\/a>&nbsp;adresinden eri\u015fildi.<\/p>\n\n\n\n<p><a href=\"https:\/\/vircon.substack.com\/p\/portugal-crypto-newsevery-rejection?s=w#footnote-anchor-9\">9-Di<\/a> Salvo, Mat: Portugal&#8217;s Parliament Says No to Bitcoin Tax-for Now, 26 May\u0131s 2022, 1 Haziran 2022 tarihinde&nbsp;<a href=\"https:\/\/decrypt.co\/101381\/portugals-parliament-says-no-bitcoin-tax-for-now\">https:\/\/decrypt.co\/101381\/portugals-parliament-says-no-bitcoin-tax-for-now<\/a>&nbsp;adresinden eri\u015fildi.<\/p>\n\n\n\n<p><a href=\"https:\/\/vircon.substack.com\/p\/portugal-crypto-newsevery-rejection?s=w#footnote-anchor-10\">10-<\/a> Di Salvo, Mat: Portugal&#8217;s Parliament Says No to Bitcoin Tax-for Now, 26 May\u0131s 2022, 1 Haziran 2022 tarihinde&nbsp;<a href=\"https:\/\/decrypt.co\/101381\/portugals-parliament-says-no-bitcoin-tax-for-now\">https:\/\/decrypt.co\/101381\/portugals-parliament-says-no-bitcoin-tax-for-now<\/a>&nbsp;adresinden eri\u015fildi.<\/p>\n","protected":false},"excerpt":{"rendered":"<p>IPortekiz\u2019de kripto paralar\u0131n vergilendirilmesine ili\u015fkin mevcut \u00e7er\u00e7evede, yaln\u0131zca profesyonel hizmetlerin kar\u015f\u0131l\u0131\u011f\u0131 olarak \u00f6deme arac\u0131 \u015feklinde kullan\u0131lan kripto varl\u0131klar vergiye tabi tutuluyor.1Bunun d\u0131\u015f\u0131nda bireysel yat\u0131r\u0131mc\u0131lar i\u00e7in kripto kazan\u00e7lar\u0131na \u015fu an s\u0131f\u0131r vergi uygulan\u0131yor. Oysa \u00fclkede genel olarak finansal yat\u0131r\u0131m kaynakl\u0131 sermaye kazan\u00e7lar\u0131na y\u00fczde 28 oran\u0131nda vergi kesintisi yap\u0131l\u0131yor.2 Takvimler 2022 y\u0131l\u0131n\u0131 g\u00f6sterdi\u011finde, Portekiz\u2019de kripto para tablosunun [&hellip;]<\/p>\n","protected":false},"author":1,"featured_media":7142,"comment_status":"open","ping_status":"open","sticky":false,"template":"","format":"standard","meta":{"footnotes":""},"categories":[150],"tags":[131,132,133],"ppma_author":[125],"class_list":["post-7140","post","type-post","status-publish","format-standard","has-post-thumbnail","hentry","category-news-tr","tag-blok-zinciri","tag-kripto","tag-kripto-haberleri"],"authors":[{"term_id":125,"user_id":1,"is_guest":0,"slug":"virconlegal","display_name":"virconlegal","avatar_url":"https:\/\/secure.gravatar.com\/avatar\/4f3ec5d54b8792b25790cf55d797a6dce67ee1dc5500de97bf1aa1af483fb68a?s=96&d=mm&r=g","author_category":"","first_name":"","last_name":"","user_url":"http:\/\/virconlegal.com\/blog","job_title":"","description":""}],"_links":{"self":[{"href":"https:\/\/virconlegal.com\/tr\/wp-json\/wp\/v2\/posts\/7140","targetHints":{"allow":["GET"]}}],"collection":[{"href":"https:\/\/virconlegal.com\/tr\/wp-json\/wp\/v2\/posts"}],"about":[{"href":"https:\/\/virconlegal.com\/tr\/wp-json\/wp\/v2\/types\/post"}],"author":[{"embeddable":true,"href":"https:\/\/virconlegal.com\/tr\/wp-json\/wp\/v2\/users\/1"}],"replies":[{"embeddable":true,"href":"https:\/\/virconlegal.com\/tr\/wp-json\/wp\/v2\/comments?post=7140"}],"version-history":[{"count":1,"href":"https:\/\/virconlegal.com\/tr\/wp-json\/wp\/v2\/posts\/7140\/revisions"}],"predecessor-version":[{"id":7227,"href":"https:\/\/virconlegal.com\/tr\/wp-json\/wp\/v2\/posts\/7140\/revisions\/7227"}],"wp:featuredmedia":[{"embeddable":true,"href":"https:\/\/virconlegal.com\/tr\/wp-json\/wp\/v2\/media\/7142"}],"wp:attachment":[{"href":"https:\/\/virconlegal.com\/tr\/wp-json\/wp\/v2\/media?parent=7140"}],"wp:term":[{"taxonomy":"category","embeddable":true,"href":"https:\/\/virconlegal.com\/tr\/wp-json\/wp\/v2\/categories?post=7140"},{"taxonomy":"post_tag","embeddable":true,"href":"https:\/\/virconlegal.com\/tr\/wp-json\/wp\/v2\/tags?post=7140"},{"taxonomy":"author","embeddable":true,"href":"https:\/\/virconlegal.com\/tr\/wp-json\/wp\/v2\/ppma_author?post=7140"}],"curies":[{"name":"wp","href":"https:\/\/api.w.org\/{rel}","templated":true}]}}